{"id":7735,"date":"2016-11-08T12:35:05","date_gmt":"2016-11-08T19:35:05","guid":{"rendered":"https:\/\/trembly-jem.local\/blog\/perforar-el-velo-corporativo-las-tres-situaciones-en-las-que-aun-se-puede-ser-personalmente-responsable\/"},"modified":"2016-11-08T12:35:05","modified_gmt":"2016-11-08T19:35:05","slug":"perforar-el-velo-corporativo-las-tres-situaciones-en-las-que-aun-se-puede-ser-personalmente-responsable","status":"publish","type":"post","link":"https:\/\/tremblylaw.com\/es\/blog\/perforar-el-velo-corporativo-las-tres-situaciones-en-las-que-aun-se-puede-ser-personalmente-responsable\/","title":{"rendered":"Perforar el velo corporativo: las tres situaciones en las que a\u00fan se puede ser personalmente responsable"},"content":{"rendered":"<div class=\"elementor-element elementor-element-6ca3c6d elementor-widget elementor-widget-theme-post-content\" data-id=\"6ca3c6d\" data-element_type=\"widget\" data-widget_type=\"theme-post-content.default\">\n<div class=\"elementor-widget-container\">\n<p><span>Las corporaciones tienen muchas ventajas. La principal de ellas, y una de las razones principales por las que muchas se incorporan, es que est\u00e1n protegidas de la responsabilidad personal. Ning\u00fan acreedor o demandante puede jam\u00e1s reclamar la propiedad personal de los fundadores. Sin embargo, algunos due\u00f1os de negocios no saben que la protecci\u00f3n de la responsabilidad personal en una corporaci\u00f3n no es absoluta. Hay algunas situaciones en las que un tribunal puede \u201clevantar el velo corporativo\u201d y hacer caso omiso del hecho de que la empresa es una corporaci\u00f3n. En tal situaci\u00f3n, el tribunal impondr\u00e1 la responsabilidad personal a los due\u00f1os de la empresa. Estas son las tres situaciones principales en las que esto podr\u00eda ocurrir:<\/span><\/p>\n<p><span>Alter ego. Una de esas situaciones en las que los tribunales perforar\u00e1n el velo corporativo y establecer\u00e1n la responsabilidad personal es cuando la corporaci\u00f3n es realmente un alter ego de otra empresa o, bas\u00e1ndose en una totalidad de circunstancias, determina que la corporaci\u00f3n es simplemente un fraude. En un esfuerzo por protegerse de la responsabilidad personal, muchos fundadores se saltan los pasos adecuados e intentan establecer una corporaci\u00f3n con el \u00fanico prop\u00f3sito de protegerse. Esto puede ocurrir cuando un fundador establece subsidiarias de una empresa matriz simplemente para evitar embargar la propiedad de la empresa matriz. Alternativamente, puede ocurrir cuando no hay fondos suficientes. Dependiendo de las circunstancias que rodean la constituci\u00f3n, un tribunal puede determinar que la corporaci\u00f3n es un alter ego del fundador o de otra empresa, y establecer la responsabilidad personal.<\/span><\/p>\n<p><span>No cumplir con las formalidades corporativas. Si una corporaci\u00f3n no cumple con las formalidades necesarias enunciadas por el estado, los tribunales pueden imponerle responsabilidad personal. La creaci\u00f3n de una corporaci\u00f3n requiere varios pasos. Los requisitos incluyen cumplir con las leyes estatales, presentar la documentaci\u00f3n adecuada y pagar las tarifas correspondientes. Cuando una corporaci\u00f3n no cumple con sus obligaciones estatales, un tribunal puede levantar el velo corporativo para imponerle responsabilidad personal.<\/span><\/p>\n<p><span>Mezcla de fondos personales. Una corporaci\u00f3n debe permanecer separada de sus propietarios en todos los aspectos. Con demasiada frecuencia, una corporaci\u00f3n se forma con fondos insuficientes y los fundadores mezclan los pocos fondos que tiene la corporaci\u00f3n con sus propios fondos para mantenerla a flote. Este es un terrible error. Los tribunales consideran que la mezcla de fondos es un factor importante para determinar si una corporaci\u00f3n es una farsa y si se levantar\u00e1 el velo corporativo. No permita, bajo ninguna circunstancia, la mezcla de fondos personales y corporativos, ya que es quiz\u00e1s la situaci\u00f3n de perforaci\u00f3n corporativa m\u00e1s f\u00e1cilmente evitable.<\/span><\/p>\n<p><span>Existen solo tres de los muchos escenarios en los que los tribunales pueden \u201cperforar el velo corporativo\u201d y establecer responsabilidad personal. Una vez que se perfora el velo corporativo, los due\u00f1os de empresas corren el riesgo de someter su propiedad personal a responsabilidad en cualquier cantidad de demandas. No permita que se perfore su velo corporativo. Aseg\u00farese de que su corporaci\u00f3n est\u00e9 protegida y consulte con un abogado comercial. Llame al bufete de abogados Trembly al (305) 985-4569 hoy para programar una consulta y ver si podemos ayudarlo.<\/span><\/p>\n<\/div>\n<\/div>\n<div class=\"elementor-element elementor-element-789aeae elementor-widget elementor-widget-text-editor\" data-id=\"789aeae\" data-element_type=\"widget\" data-widget_type=\"text-editor.default\">\n<div class=\"elementor-widget-container\">\n<p><strong><span>Siguenos en las redes sociales<\/span><\/strong><\/p>\n<ul>\n<li><a href=\"https:\/\/www.facebook.com\/TremblyLawFirm\"><span>Facebook<\/span><\/a><\/li>\n<li><a href=\"https:\/\/twitter.com\/TremblyLawFirm\"><span>X<\/span><\/a><\/li>\n<li><a href=\"https:\/\/www.instagram.com\/tremblylawfirm\/\"><span>Instagram<\/span><\/a><\/li>\n<li><a href=\"https:\/\/www.linkedin.com\/company\/trembly-law-firm\"><span>LinkedIn<\/span><\/a><\/li>\n<li><a href=\"https:\/\/www.youtube.com\/channel\/UCZDWmkkq87PO5a4OnXbw-cg\"><span>YouTube<\/span><\/a><\/li>\n<\/ul>\n<\/div>\n<\/div>\n","protected":false},"excerpt":{"rendered":"<p>Las corporaciones tienen muchas ventajas. La principal de ellas, y una de las razones principales por las que muchas se incorporan, es que est\u00e1n protegidas de la responsabilidad personal. Ning\u00fan acreedor o demandante puede jam\u00e1s reclamar la propiedad personal de los fundadores. Sin embargo, algunos due\u00f1os de negocios no saben que la protecci\u00f3n de la&#8230;<\/p>\n","protected":false},"author":7,"featured_media":6782,"comment_status":"closed","ping_status":"open","sticky":false,"template":"","format":"standard","meta":{"_acf_changed":false,"footnotes":""},"categories":[696],"tags":[],"class_list":["post-7735","post","type-post","status-publish","format-standard","has-post-thumbnail","hentry","category-blog-es"],"acf":[],"yoast_head":"<!-- This site is optimized with the Yoast SEO plugin v27.4 - https:\/\/yoast.com\/product\/yoast-seo-wordpress\/ -->\n<title>Perforar el velo corporativo: las tres situaciones en las que a\u00fan se puede ser personalmente responsable - Trembly Law Firm &quot;C\u00f3mo traspasar el velo corporativo: las tres situaciones en las que a\u00fan puede ser personalmente responsable - Bufete de abogados Trembly - Abogados comerciales de Florida&quot;<\/title>\n<meta name=\"description\" content=\"&quot;Las corporaciones tienen muchas ventajas. La principal de ellas, y una de las razones principales por las que muchas se incorporan, es que est\u00e1n protegidas de la responsabilidad personal. Ning\u00fan acreedor o demandante puede jam\u00e1s reclamar la propiedad personal de los fundadores. Sin embargo, algunos empresarios no saben que la protecci\u00f3n de la responsabilidad personal en una corporaci\u00f3n no es absoluta. Hay algunas [\u2026]&quot;\" \/>\n<meta name=\"robots\" content=\"index, follow, max-snippet:-1, max-image-preview:large, max-video-preview:-1\" \/>\n<link rel=\"canonical\" href=\"https:\/\/tremblylaw.com\/es\/blog\/perforar-el-velo-corporativo-las-tres-situaciones-en-las-que-aun-se-puede-ser-personalmente-responsable\/\" \/>\n<meta property=\"og:locale\" content=\"es_ES\" \/>\n<meta property=\"og:type\" content=\"article\" \/>\n<meta property=\"og:title\" content=\"Perforar el velo corporativo: las tres situaciones en las que a\u00fan se puede ser personalmente responsable - Trembly Law Firm &quot;C\u00f3mo traspasar el velo corporativo: las tres situaciones en las que a\u00fan puede ser personalmente responsable - Bufete de abogados Trembly - Abogados comerciales de Florida&quot;\" \/>\n<meta property=\"og:description\" content=\"&quot;Las corporaciones tienen muchas ventajas. La principal de ellas, y una de las razones principales por las que muchas se incorporan, es que est\u00e1n protegidas de la responsabilidad personal. Ning\u00fan acreedor o demandante puede jam\u00e1s reclamar la propiedad personal de los fundadores. Sin embargo, algunos empresarios no saben que la protecci\u00f3n de la responsabilidad personal en una corporaci\u00f3n no es absoluta. Hay algunas [\u2026]&quot;\" \/>\n<meta property=\"og:url\" content=\"https:\/\/tremblylaw.com\/es\/blog\/perforar-el-velo-corporativo-las-tres-situaciones-en-las-que-aun-se-puede-ser-personalmente-responsable\/\" \/>\n<meta property=\"og:site_name\" content=\"Trembly Law Firm\" \/>\n<meta property=\"article:published_time\" content=\"2016-11-08T19:35:05+00:00\" \/>\n<meta property=\"og:image\" content=\"https:\/\/tremblylaw.com\/wp-content\/uploads\/2024\/08\/Business-Generic-20-300x180-1.jpg\" \/>\n\t<meta property=\"og:image:width\" content=\"300\" \/>\n\t<meta property=\"og:image:height\" content=\"180\" \/>\n\t<meta property=\"og:image:type\" content=\"image\/jpeg\" \/>\n<meta name=\"author\" content=\"Ryan Sprouse\" \/>\n<meta name=\"twitter:card\" content=\"summary_large_image\" \/>\n<meta name=\"twitter:label1\" content=\"Escrito por\" \/>\n\t<meta name=\"twitter:data1\" content=\"Ryan Sprouse\" \/>\n\t<meta name=\"twitter:label2\" content=\"Tiempo de lectura\" \/>\n\t<meta name=\"twitter:data2\" content=\"3 minutos\" \/>\n<script type=\"application\/ld+json\" class=\"yoast-schema-graph\">{\"@context\":\"https:\\\/\\\/schema.org\",\"@graph\":[{\"@type\":\"Article\",\"@id\":\"https:\\\/\\\/tremblylaw.com\\\/es\\\/blog\\\/perforar-el-velo-corporativo-las-tres-situaciones-en-las-que-aun-se-puede-ser-personalmente-responsable\\\/#article\",\"isPartOf\":{\"@id\":\"https:\\\/\\\/tremblylaw.com\\\/es\\\/blog\\\/perforar-el-velo-corporativo-las-tres-situaciones-en-las-que-aun-se-puede-ser-personalmente-responsable\\\/\"},\"author\":{\"name\":\"Ryan Sprouse\",\"@id\":\"https:\\\/\\\/tremblylaw.com\\\/es\\\/#\\\/schema\\\/person\\\/2411e55a57f82bc13c3ba6939ae7e7ae\"},\"headline\":\"Perforar el velo corporativo: las tres situaciones en las que a\u00fan se puede ser personalmente responsable\",\"datePublished\":\"2016-11-08T19:35:05+00:00\",\"mainEntityOfPage\":{\"@id\":\"https:\\\/\\\/tremblylaw.com\\\/es\\\/blog\\\/perforar-el-velo-corporativo-las-tres-situaciones-en-las-que-aun-se-puede-ser-personalmente-responsable\\\/\"},\"wordCount\":571,\"publisher\":{\"@id\":\"https:\\\/\\\/tremblylaw.com\\\/es\\\/#organization\"},\"image\":{\"@id\":\"https:\\\/\\\/tremblylaw.com\\\/es\\\/blog\\\/perforar-el-velo-corporativo-las-tres-situaciones-en-las-que-aun-se-puede-ser-personalmente-responsable\\\/#primaryimage\"},\"thumbnailUrl\":\"https:\\\/\\\/tremblylaw.com\\\/wp-content\\\/uploads\\\/2024\\\/08\\\/Business-Generic-20-300x180-1.jpg\",\"articleSection\":[\"Blog\"],\"inLanguage\":\"es\"},{\"@type\":\"WebPage\",\"@id\":\"https:\\\/\\\/tremblylaw.com\\\/es\\\/blog\\\/perforar-el-velo-corporativo-las-tres-situaciones-en-las-que-aun-se-puede-ser-personalmente-responsable\\\/\",\"url\":\"https:\\\/\\\/tremblylaw.com\\\/es\\\/blog\\\/perforar-el-velo-corporativo-las-tres-situaciones-en-las-que-aun-se-puede-ser-personalmente-responsable\\\/\",\"name\":\"Perforar el velo corporativo: las tres situaciones en las que a\u00fan se puede ser personalmente responsable - Trembly Law Firm \\\"C\u00f3mo traspasar el velo corporativo: las tres situaciones en las que a\u00fan puede ser personalmente responsable - Bufete de abogados Trembly - Abogados comerciales de Florida\\\"\",\"isPartOf\":{\"@id\":\"https:\\\/\\\/tremblylaw.com\\\/es\\\/#website\"},\"primaryImageOfPage\":{\"@id\":\"https:\\\/\\\/tremblylaw.com\\\/es\\\/blog\\\/perforar-el-velo-corporativo-las-tres-situaciones-en-las-que-aun-se-puede-ser-personalmente-responsable\\\/#primaryimage\"},\"image\":{\"@id\":\"https:\\\/\\\/tremblylaw.com\\\/es\\\/blog\\\/perforar-el-velo-corporativo-las-tres-situaciones-en-las-que-aun-se-puede-ser-personalmente-responsable\\\/#primaryimage\"},\"thumbnailUrl\":\"https:\\\/\\\/tremblylaw.com\\\/wp-content\\\/uploads\\\/2024\\\/08\\\/Business-Generic-20-300x180-1.jpg\",\"datePublished\":\"2016-11-08T19:35:05+00:00\",\"description\":\"\\\"Las corporaciones tienen muchas ventajas. La principal de ellas, y una de las razones principales por las que muchas se incorporan, es que est\u00e1n protegidas de la responsabilidad personal. Ning\u00fan acreedor o demandante puede jam\u00e1s reclamar la propiedad personal de los fundadores. Sin embargo, algunos empresarios no saben que la protecci\u00f3n de la responsabilidad personal en una corporaci\u00f3n no es absoluta. Hay algunas [\u2026]\\\"\",\"breadcrumb\":{\"@id\":\"https:\\\/\\\/tremblylaw.com\\\/es\\\/blog\\\/perforar-el-velo-corporativo-las-tres-situaciones-en-las-que-aun-se-puede-ser-personalmente-responsable\\\/#breadcrumb\"},\"inLanguage\":\"es\",\"potentialAction\":[{\"@type\":\"ReadAction\",\"target\":[\"https:\\\/\\\/tremblylaw.com\\\/es\\\/blog\\\/perforar-el-velo-corporativo-las-tres-situaciones-en-las-que-aun-se-puede-ser-personalmente-responsable\\\/\"]}]},{\"@type\":\"ImageObject\",\"inLanguage\":\"es\",\"@id\":\"https:\\\/\\\/tremblylaw.com\\\/es\\\/blog\\\/perforar-el-velo-corporativo-las-tres-situaciones-en-las-que-aun-se-puede-ser-personalmente-responsable\\\/#primaryimage\",\"url\":\"https:\\\/\\\/tremblylaw.com\\\/wp-content\\\/uploads\\\/2024\\\/08\\\/Business-Generic-20-300x180-1.jpg\",\"contentUrl\":\"https:\\\/\\\/tremblylaw.com\\\/wp-content\\\/uploads\\\/2024\\\/08\\\/Business-Generic-20-300x180-1.jpg\",\"width\":300,\"height\":180},{\"@type\":\"BreadcrumbList\",\"@id\":\"https:\\\/\\\/tremblylaw.com\\\/es\\\/blog\\\/perforar-el-velo-corporativo-las-tres-situaciones-en-las-que-aun-se-puede-ser-personalmente-responsable\\\/#breadcrumb\",\"itemListElement\":[{\"@type\":\"ListItem\",\"position\":1,\"name\":\"Home\",\"item\":\"https:\\\/\\\/tremblylaw.com\\\/es\\\/\"},{\"@type\":\"ListItem\",\"position\":2,\"name\":\"Perforar el velo corporativo: las tres situaciones en las que a\u00fan se puede ser personalmente responsable\"}]},{\"@type\":\"WebSite\",\"@id\":\"https:\\\/\\\/tremblylaw.com\\\/es\\\/#website\",\"url\":\"https:\\\/\\\/tremblylaw.com\\\/es\\\/\",\"name\":\"Trembly Law Firm\",\"description\":\"\",\"publisher\":{\"@id\":\"https:\\\/\\\/tremblylaw.com\\\/es\\\/#organization\"},\"potentialAction\":[{\"@type\":\"SearchAction\",\"target\":{\"@type\":\"EntryPoint\",\"urlTemplate\":\"https:\\\/\\\/tremblylaw.com\\\/es\\\/?s={search_term_string}\"},\"query-input\":{\"@type\":\"PropertyValueSpecification\",\"valueRequired\":true,\"valueName\":\"search_term_string\"}}],\"inLanguage\":\"es\"},{\"@type\":\"Organization\",\"@id\":\"https:\\\/\\\/tremblylaw.com\\\/es\\\/#organization\",\"name\":\"Trembly Law Firm\",\"url\":\"https:\\\/\\\/tremblylaw.com\\\/es\\\/\",\"logo\":{\"@type\":\"ImageObject\",\"inLanguage\":\"es\",\"@id\":\"https:\\\/\\\/tremblylaw.com\\\/es\\\/#\\\/schema\\\/logo\\\/image\\\/\",\"url\":\"https:\\\/\\\/tremblylaw.com\\\/wp-content\\\/uploads\\\/2024\\\/07\\\/trembly_logo_dk.webp\",\"contentUrl\":\"https:\\\/\\\/tremblylaw.com\\\/wp-content\\\/uploads\\\/2024\\\/07\\\/trembly_logo_dk.webp\",\"width\":336,\"height\":96,\"caption\":\"Trembly Law Firm\"},\"image\":{\"@id\":\"https:\\\/\\\/tremblylaw.com\\\/es\\\/#\\\/schema\\\/logo\\\/image\\\/\"}},{\"@type\":\"Person\",\"@id\":\"https:\\\/\\\/tremblylaw.com\\\/es\\\/#\\\/schema\\\/person\\\/2411e55a57f82bc13c3ba6939ae7e7ae\",\"name\":\"Ryan Sprouse\",\"image\":{\"@type\":\"ImageObject\",\"inLanguage\":\"es\",\"@id\":\"https:\\\/\\\/secure.gravatar.com\\\/avatar\\\/85b48d30f071d20058b0691e8405a880f0727e616f2922589a0f3760c873fd08?s=96&d=mm&r=g\",\"url\":\"https:\\\/\\\/secure.gravatar.com\\\/avatar\\\/85b48d30f071d20058b0691e8405a880f0727e616f2922589a0f3760c873fd08?s=96&d=mm&r=g\",\"contentUrl\":\"https:\\\/\\\/secure.gravatar.com\\\/avatar\\\/85b48d30f071d20058b0691e8405a880f0727e616f2922589a0f3760c873fd08?s=96&d=mm&r=g\",\"caption\":\"Ryan Sprouse\"},\"url\":\"https:\\\/\\\/tremblylaw.com\\\/es\\\/blog\\\/author\\\/ryanmockingbirdmarketing-com\\\/\"}]}<\/script>\n<!-- \/ Yoast SEO plugin. -->","yoast_head_json":{"title":"Perforar el velo corporativo: las tres situaciones en las que a\u00fan se puede ser personalmente responsable - Trembly Law Firm \"C\u00f3mo traspasar el velo corporativo: las tres situaciones en las que a\u00fan puede ser personalmente responsable - Bufete de abogados Trembly - Abogados comerciales de Florida\"","description":"\"Las corporaciones tienen muchas ventajas. La principal de ellas, y una de las razones principales por las que muchas se incorporan, es que est\u00e1n protegidas de la responsabilidad personal. Ning\u00fan acreedor o demandante puede jam\u00e1s reclamar la propiedad personal de los fundadores. Sin embargo, algunos empresarios no saben que la protecci\u00f3n de la responsabilidad personal en una corporaci\u00f3n no es absoluta. Hay algunas [\u2026]\"","robots":{"index":"index","follow":"follow","max-snippet":"max-snippet:-1","max-image-preview":"max-image-preview:large","max-video-preview":"max-video-preview:-1"},"canonical":"https:\/\/tremblylaw.com\/es\/blog\/perforar-el-velo-corporativo-las-tres-situaciones-en-las-que-aun-se-puede-ser-personalmente-responsable\/","og_locale":"es_ES","og_type":"article","og_title":"Perforar el velo corporativo: las tres situaciones en las que a\u00fan se puede ser personalmente responsable - Trembly Law Firm \"C\u00f3mo traspasar el velo corporativo: las tres situaciones en las que a\u00fan puede ser personalmente responsable - Bufete de abogados Trembly - Abogados comerciales de Florida\"","og_description":"\"Las corporaciones tienen muchas ventajas. La principal de ellas, y una de las razones principales por las que muchas se incorporan, es que est\u00e1n protegidas de la responsabilidad personal. Ning\u00fan acreedor o demandante puede jam\u00e1s reclamar la propiedad personal de los fundadores. Sin embargo, algunos empresarios no saben que la protecci\u00f3n de la responsabilidad personal en una corporaci\u00f3n no es absoluta. Hay algunas [\u2026]\"","og_url":"https:\/\/tremblylaw.com\/es\/blog\/perforar-el-velo-corporativo-las-tres-situaciones-en-las-que-aun-se-puede-ser-personalmente-responsable\/","og_site_name":"Trembly Law Firm","article_published_time":"2016-11-08T19:35:05+00:00","og_image":[{"width":300,"height":180,"url":"https:\/\/tremblylaw.com\/wp-content\/uploads\/2024\/08\/Business-Generic-20-300x180-1.jpg","type":"image\/jpeg"}],"author":"Ryan Sprouse","twitter_card":"summary_large_image","twitter_misc":{"Escrito por":"Ryan Sprouse","Tiempo de lectura":"3 minutos"},"schema":{"@context":"https:\/\/schema.org","@graph":[{"@type":"Article","@id":"https:\/\/tremblylaw.com\/es\/blog\/perforar-el-velo-corporativo-las-tres-situaciones-en-las-que-aun-se-puede-ser-personalmente-responsable\/#article","isPartOf":{"@id":"https:\/\/tremblylaw.com\/es\/blog\/perforar-el-velo-corporativo-las-tres-situaciones-en-las-que-aun-se-puede-ser-personalmente-responsable\/"},"author":{"name":"Ryan Sprouse","@id":"https:\/\/tremblylaw.com\/es\/#\/schema\/person\/2411e55a57f82bc13c3ba6939ae7e7ae"},"headline":"Perforar el velo corporativo: las tres situaciones en las que a\u00fan se puede ser personalmente responsable","datePublished":"2016-11-08T19:35:05+00:00","mainEntityOfPage":{"@id":"https:\/\/tremblylaw.com\/es\/blog\/perforar-el-velo-corporativo-las-tres-situaciones-en-las-que-aun-se-puede-ser-personalmente-responsable\/"},"wordCount":571,"publisher":{"@id":"https:\/\/tremblylaw.com\/es\/#organization"},"image":{"@id":"https:\/\/tremblylaw.com\/es\/blog\/perforar-el-velo-corporativo-las-tres-situaciones-en-las-que-aun-se-puede-ser-personalmente-responsable\/#primaryimage"},"thumbnailUrl":"https:\/\/tremblylaw.com\/wp-content\/uploads\/2024\/08\/Business-Generic-20-300x180-1.jpg","articleSection":["Blog"],"inLanguage":"es"},{"@type":"WebPage","@id":"https:\/\/tremblylaw.com\/es\/blog\/perforar-el-velo-corporativo-las-tres-situaciones-en-las-que-aun-se-puede-ser-personalmente-responsable\/","url":"https:\/\/tremblylaw.com\/es\/blog\/perforar-el-velo-corporativo-las-tres-situaciones-en-las-que-aun-se-puede-ser-personalmente-responsable\/","name":"Perforar el velo corporativo: las tres situaciones en las que a\u00fan se puede ser personalmente responsable - Trembly Law Firm \"C\u00f3mo traspasar el velo corporativo: las tres situaciones en las que a\u00fan puede ser personalmente responsable - Bufete de abogados Trembly - Abogados comerciales de Florida\"","isPartOf":{"@id":"https:\/\/tremblylaw.com\/es\/#website"},"primaryImageOfPage":{"@id":"https:\/\/tremblylaw.com\/es\/blog\/perforar-el-velo-corporativo-las-tres-situaciones-en-las-que-aun-se-puede-ser-personalmente-responsable\/#primaryimage"},"image":{"@id":"https:\/\/tremblylaw.com\/es\/blog\/perforar-el-velo-corporativo-las-tres-situaciones-en-las-que-aun-se-puede-ser-personalmente-responsable\/#primaryimage"},"thumbnailUrl":"https:\/\/tremblylaw.com\/wp-content\/uploads\/2024\/08\/Business-Generic-20-300x180-1.jpg","datePublished":"2016-11-08T19:35:05+00:00","description":"\"Las corporaciones tienen muchas ventajas. La principal de ellas, y una de las razones principales por las que muchas se incorporan, es que est\u00e1n protegidas de la responsabilidad personal. Ning\u00fan acreedor o demandante puede jam\u00e1s reclamar la propiedad personal de los fundadores. Sin embargo, algunos empresarios no saben que la protecci\u00f3n de la responsabilidad personal en una corporaci\u00f3n no es absoluta. Hay algunas [\u2026]\"","breadcrumb":{"@id":"https:\/\/tremblylaw.com\/es\/blog\/perforar-el-velo-corporativo-las-tres-situaciones-en-las-que-aun-se-puede-ser-personalmente-responsable\/#breadcrumb"},"inLanguage":"es","potentialAction":[{"@type":"ReadAction","target":["https:\/\/tremblylaw.com\/es\/blog\/perforar-el-velo-corporativo-las-tres-situaciones-en-las-que-aun-se-puede-ser-personalmente-responsable\/"]}]},{"@type":"ImageObject","inLanguage":"es","@id":"https:\/\/tremblylaw.com\/es\/blog\/perforar-el-velo-corporativo-las-tres-situaciones-en-las-que-aun-se-puede-ser-personalmente-responsable\/#primaryimage","url":"https:\/\/tremblylaw.com\/wp-content\/uploads\/2024\/08\/Business-Generic-20-300x180-1.jpg","contentUrl":"https:\/\/tremblylaw.com\/wp-content\/uploads\/2024\/08\/Business-Generic-20-300x180-1.jpg","width":300,"height":180},{"@type":"BreadcrumbList","@id":"https:\/\/tremblylaw.com\/es\/blog\/perforar-el-velo-corporativo-las-tres-situaciones-en-las-que-aun-se-puede-ser-personalmente-responsable\/#breadcrumb","itemListElement":[{"@type":"ListItem","position":1,"name":"Home","item":"https:\/\/tremblylaw.com\/es\/"},{"@type":"ListItem","position":2,"name":"Perforar el velo corporativo: las tres situaciones en las que a\u00fan se puede ser personalmente responsable"}]},{"@type":"WebSite","@id":"https:\/\/tremblylaw.com\/es\/#website","url":"https:\/\/tremblylaw.com\/es\/","name":"Trembly Law Firm","description":"","publisher":{"@id":"https:\/\/tremblylaw.com\/es\/#organization"},"potentialAction":[{"@type":"SearchAction","target":{"@type":"EntryPoint","urlTemplate":"https:\/\/tremblylaw.com\/es\/?s={search_term_string}"},"query-input":{"@type":"PropertyValueSpecification","valueRequired":true,"valueName":"search_term_string"}}],"inLanguage":"es"},{"@type":"Organization","@id":"https:\/\/tremblylaw.com\/es\/#organization","name":"Trembly Law Firm","url":"https:\/\/tremblylaw.com\/es\/","logo":{"@type":"ImageObject","inLanguage":"es","@id":"https:\/\/tremblylaw.com\/es\/#\/schema\/logo\/image\/","url":"https:\/\/tremblylaw.com\/wp-content\/uploads\/2024\/07\/trembly_logo_dk.webp","contentUrl":"https:\/\/tremblylaw.com\/wp-content\/uploads\/2024\/07\/trembly_logo_dk.webp","width":336,"height":96,"caption":"Trembly Law Firm"},"image":{"@id":"https:\/\/tremblylaw.com\/es\/#\/schema\/logo\/image\/"}},{"@type":"Person","@id":"https:\/\/tremblylaw.com\/es\/#\/schema\/person\/2411e55a57f82bc13c3ba6939ae7e7ae","name":"Ryan Sprouse","image":{"@type":"ImageObject","inLanguage":"es","@id":"https:\/\/secure.gravatar.com\/avatar\/85b48d30f071d20058b0691e8405a880f0727e616f2922589a0f3760c873fd08?s=96&d=mm&r=g","url":"https:\/\/secure.gravatar.com\/avatar\/85b48d30f071d20058b0691e8405a880f0727e616f2922589a0f3760c873fd08?s=96&d=mm&r=g","contentUrl":"https:\/\/secure.gravatar.com\/avatar\/85b48d30f071d20058b0691e8405a880f0727e616f2922589a0f3760c873fd08?s=96&d=mm&r=g","caption":"Ryan Sprouse"},"url":"https:\/\/tremblylaw.com\/es\/blog\/author\/ryanmockingbirdmarketing-com\/"}]}},"_links":{"self":[{"href":"https:\/\/tremblylaw.com\/es\/wp-json\/wp\/v2\/posts\/7735","targetHints":{"allow":["GET"]}}],"collection":[{"href":"https:\/\/tremblylaw.com\/es\/wp-json\/wp\/v2\/posts"}],"about":[{"href":"https:\/\/tremblylaw.com\/es\/wp-json\/wp\/v2\/types\/post"}],"author":[{"embeddable":true,"href":"https:\/\/tremblylaw.com\/es\/wp-json\/wp\/v2\/users\/7"}],"replies":[{"embeddable":true,"href":"https:\/\/tremblylaw.com\/es\/wp-json\/wp\/v2\/comments?post=7735"}],"version-history":[{"count":0,"href":"https:\/\/tremblylaw.com\/es\/wp-json\/wp\/v2\/posts\/7735\/revisions"}],"wp:featuredmedia":[{"embeddable":true,"href":"https:\/\/tremblylaw.com\/es\/wp-json\/wp\/v2\/media\/6782"}],"wp:attachment":[{"href":"https:\/\/tremblylaw.com\/es\/wp-json\/wp\/v2\/media?parent=7735"}],"wp:term":[{"taxonomy":"category","embeddable":true,"href":"https:\/\/tremblylaw.com\/es\/wp-json\/wp\/v2\/categories?post=7735"},{"taxonomy":"post_tag","embeddable":true,"href":"https:\/\/tremblylaw.com\/es\/wp-json\/wp\/v2\/tags?post=7735"}],"curies":[{"name":"wp","href":"https:\/\/api.w.org\/{rel}","templated":true}]}}